{"id":22650,"date":"2026-09-01T19:15:30","date_gmt":"2026-09-01T19:15:30","guid":{"rendered":"https:\/\/www.mairie-poncey-les-athee.fr\/?p=22650"},"modified":"2026-09-02T15:03:13","modified_gmt":"2026-09-02T15:03:13","slug":"acces-a-lecole-de-poncey","status":"publish","type":"post","link":"https:\/\/www.mairie-poncey-les-athee.fr\/?p=22650","title":{"rendered":"Acc\u00e8s \u00e0 l&rsquo;\u00e9cole de Poncey"},"content":{"rendered":"<div class=\"title\">\n<p><a href=\"https:\/\/www.mairie-poncey-les-athee.fr\/wp-content\/uploads\/sens-interdit2.jpeg\" target=\"_blank\" rel=\"noopener\"><img loading=\"lazy\" decoding=\"async\" class=\"alignnone wp-image-22652 \" src=\"https:\/\/www.mairie-poncey-les-athee.fr\/wp-content\/uploads\/sens-interdit2-300x225.jpeg\" alt=\"\" width=\"319\" height=\"239\" srcset=\"https:\/\/www.mairie-poncey-les-athee.fr\/wp-content\/uploads\/sens-interdit2-300x225.jpeg 300w, https:\/\/www.mairie-poncey-les-athee.fr\/wp-content\/uploads\/sens-interdit2-1024x768.jpeg 1024w, https:\/\/www.mairie-poncey-les-athee.fr\/wp-content\/uploads\/sens-interdit2-768x576.jpeg 768w, https:\/\/www.mairie-poncey-les-athee.fr\/wp-content\/uploads\/sens-interdit2-1536x1152.jpeg 1536w, https:\/\/www.mairie-poncey-les-athee.fr\/wp-content\/uploads\/sens-interdit2-750x563.jpeg 750w, https:\/\/www.mairie-poncey-les-athee.fr\/wp-content\/uploads\/sens-interdit2.jpeg 2016w\" sizes=\"auto, (max-width: 319px) 100vw, 319px\" \/>\u00a0 \u00a0 \u00a0 \u00a0 \u00a0<\/a><a href=\"https:\/\/www.mairie-poncey-les-athee.fr\/wp-content\/uploads\/sens-interdit3.jpeg\" target=\"_blank\" rel=\"noopener\"><img loading=\"lazy\" decoding=\"async\" class=\"alignnone wp-image-22653\" src=\"https:\/\/www.mairie-poncey-les-athee.fr\/wp-content\/uploads\/sens-interdit3-300x225.jpeg\" alt=\"\" width=\"319\" height=\"239\" srcset=\"https:\/\/www.mairie-poncey-les-athee.fr\/wp-content\/uploads\/sens-interdit3-300x225.jpeg 300w, https:\/\/www.mairie-poncey-les-athee.fr\/wp-content\/uploads\/sens-interdit3-1024x768.jpeg 1024w, https:\/\/www.mairie-poncey-les-athee.fr\/wp-content\/uploads\/sens-interdit3-768x576.jpeg 768w, https:\/\/www.mairie-poncey-les-athee.fr\/wp-content\/uploads\/sens-interdit3-1536x1152.jpeg 1536w, https:\/\/www.mairie-poncey-les-athee.fr\/wp-content\/uploads\/sens-interdit3-750x563.jpeg 750w, https:\/\/www.mairie-poncey-les-athee.fr\/wp-content\/uploads\/sens-interdit3.jpeg 2016w\" sizes=\"auto, (max-width: 319px) 100vw, 319px\" \/><\/a><\/p>\n<\/div>\n<div class=\"content\">\n<p>Nous vous rappelons que la partie de la\u00a0<span style=\"color: #0000ff;\"><strong>Rue Saint M\u00e9dard<\/strong><\/span> situ\u00e9e entre la<span style=\"color: #0000ff;\"><strong> Petite Rue Communale<\/strong>\u00a0<span style=\"color: #333333;\">et <\/span><span style=\"color: #333333;\">l&rsquo; <\/span><strong>Avenue du 8 Mai 1945,<\/strong><\/span><\/p>\n<p><span style=\"color: #ff0000;\"><strong>est interdite \u00e0 la circulation dans les 2 sens \u00e0 tous les v\u00e9hicules motoris\u00e9s<\/strong>\u00a0<\/span>(sauf car scolaire et riverains).<\/p>\n<p><strong>Merci de respecter le code de la route , il en va de la s\u00e9curit\u00e9 des enfants et des pi\u00e9tons.<\/strong><\/p>\n<\/div>\n","protected":false},"excerpt":{"rendered":"<p>\u00a0 \u00a0 \u00a0 \u00a0 \u00a0 Nous vous rappelons que la partie de la\u00a0Rue Saint M\u00e9dard situ\u00e9e entre la Petite Rue Communale\u00a0et l&rsquo; Avenue du 8 Mai 1945, est interdite \u00e0 la circulation dans les 2 sens \u00e0 tous les v\u00e9hicules motoris\u00e9s\u00a0(sauf car scolaire et riverains). Merci de respecter le code de la route , il &hellip; <\/p>\n<p><a class=\"more-link btn\" href=\"https:\/\/www.mairie-poncey-les-athee.fr\/?p=22650\">Lire la suite<\/a><\/p>\n","protected":false},"author":2,"featured_media":0,"comment_status":"closed","ping_status":"closed","sticky":true,"template":"","format":"standard","meta":{"footnotes":"","_members_access_role":[],"_members_access_error":""},"categories":[29,6],"tags":[],"class_list":["post-22650","post","type-post","status-publish","format-standard","hentry","category-vie-au-village","category-vie-scolaire","nodate","item-wrap"],"_links":{"self":[{"href":"https:\/\/www.mairie-poncey-les-athee.fr\/index.php?rest_route=\/wp\/v2\/posts\/22650","targetHints":{"allow":["GET"]}}],"collection":[{"href":"https:\/\/www.mairie-poncey-les-athee.fr\/index.php?rest_route=\/wp\/v2\/posts"}],"about":[{"href":"https:\/\/www.mairie-poncey-les-athee.fr\/index.php?rest_route=\/wp\/v2\/types\/post"}],"author":[{"embeddable":true,"href":"https:\/\/www.mairie-poncey-les-athee.fr\/index.php?rest_route=\/wp\/v2\/users\/2"}],"replies":[{"embeddable":true,"href":"https:\/\/www.mairie-poncey-les-athee.fr\/index.php?rest_route=%2Fwp%2Fv2%2Fcomments&post=22650"}],"version-history":[{"count":7,"href":"https:\/\/www.mairie-poncey-les-athee.fr\/index.php?rest_route=\/wp\/v2\/posts\/22650\/revisions"}],"predecessor-version":[{"id":22665,"href":"https:\/\/www.mairie-poncey-les-athee.fr\/index.php?rest_route=\/wp\/v2\/posts\/22650\/revisions\/22665"}],"wp:attachment":[{"href":"https:\/\/www.mairie-poncey-les-athee.fr\/index.php?rest_route=%2Fwp%2Fv2%2Fmedia&parent=22650"}],"wp:term":[{"taxonomy":"category","embeddable":true,"href":"https:\/\/www.mairie-poncey-les-athee.fr\/index.php?rest_route=%2Fwp%2Fv2%2Fcategories&post=22650"},{"taxonomy":"post_tag","embeddable":true,"href":"https:\/\/www.mairie-poncey-les-athee.fr\/index.php?rest_route=%2Fwp%2Fv2%2Ftags&post=22650"}],"curies":[{"name":"wp","href":"https:\/\/api.w.org\/{rel}","templated":true}]}}