{"id":21384,"date":"2026-04-29T07:50:09","date_gmt":"2026-04-29T07:50:09","guid":{"rendered":"https:\/\/www.mairie-poncey-les-athee.fr\/?p=21384"},"modified":"2026-04-30T03:16:57","modified_gmt":"2026-04-30T03:16:57","slug":"ceremonie-du-8-mai-1945","status":"publish","type":"post","link":"https:\/\/www.mairie-poncey-les-athee.fr\/?p=21384","title":{"rendered":"C\u00e9r\u00e9monie du 8 mai 1945"},"content":{"rendered":"<div class=\"title\"><\/div>\n<h4><span style=\"color: #000080;\"><strong><img loading=\"lazy\" decoding=\"async\" class=\"alignleft wp-image-8691\" src=\"https:\/\/www.mairie-poncey-les-athee.fr\/wp-content\/uploads\/logo-8-mai-129x300.jpg\" alt=\"\" width=\"112\" height=\"260\" srcset=\"https:\/\/www.mairie-poncey-les-athee.fr\/wp-content\/uploads\/logo-8-mai-129x300.jpg 129w, https:\/\/www.mairie-poncey-les-athee.fr\/wp-content\/uploads\/logo-8-mai.jpg 147w\" sizes=\"auto, (max-width: 112px) 100vw, 112px\" \/><\/strong><\/span><\/h4>\n<h4><\/h4>\n<h3><span style=\"color: #000080;\"><strong>\u00a0 \u00a0 \u00a0 \u00a0 \u00a0 \u00a0 \u00a0 \u00a0La c\u00e9r\u00e9monie du 8 mai aura lieu \u00e0 :<\/strong><\/span><\/h3>\n<h4><span style=\"color: #000080;\"><strong>\u00a0 \u00a0 \u00a0 \u00a0 \u00a0 \u00a0<span style=\"color: #333333;\">\u00a0 \u00a0 \u00a0 \u00a0 \u00a0 \u00a0 \u00a0 \u00a0 \u00a0 \u00a0 \u00a0 \u00a0 \u00a0 \u00a0 \u00a0 \u00a0 \u00a0 \u00a011h00 au Cimeti\u00e8re<\/span><\/strong><\/span><\/h4>\n<div class=\"content\">\n<h4>\u00a0 \u00a0 \u00a0 \u00a0 \u00a0 \u00a0 \u00a0 \u00a0 \u00a0 \u00a0 \u00a0 \u00a0 \u00a0 \u00a0 \u00a0 \u00a0 <strong>11h30 au Monument aux morts\u00a0<\/strong><\/h4>\n<p><span style=\"color: #ff0000;\"><strong>\u00a0 \u00a0 \u00a0 \u00a0 \u00a0 \u00a0 \u00a0 \u00a0 \u00a0 \u00a0 \u00a0 \u00a0 \u00a0<\/strong><\/span><\/p>\n<p><span style=\"color: #ff0000;\"><strong>\u00a0 \u00a0 \u00a0 \u00a0 \u00a0 \u00a0 \u00a0 \u00a0 \u00a0 \u00a0 \u00a0 \u00a0 \u00a0 Elle sera suivie d&rsquo;un moment de convivialit\u00e9<\/strong><\/span><\/p>\n<\/div>\n","protected":false},"excerpt":{"rendered":"<p>\u00a0 \u00a0 \u00a0 \u00a0 \u00a0 \u00a0 \u00a0 \u00a0La c\u00e9r\u00e9monie du 8 mai aura lieu \u00e0 : \u00a0 \u00a0 \u00a0 \u00a0 \u00a0 \u00a0\u00a0 \u00a0 \u00a0 \u00a0 \u00a0 \u00a0 \u00a0 \u00a0 \u00a0 \u00a0 \u00a0 \u00a0 \u00a0 \u00a0 \u00a0 \u00a0 \u00a0 \u00a011h00 au Cimeti\u00e8re \u00a0 \u00a0 \u00a0 \u00a0 \u00a0 \u00a0 \u00a0 \u00a0 \u00a0 \u00a0 \u00a0 \u00a0 \u00a0 \u00a0 &hellip; <\/p>\n<p><a class=\"more-link btn\" href=\"https:\/\/www.mairie-poncey-les-athee.fr\/?p=21384\">Lire la suite<\/a><\/p>\n","protected":false},"author":2,"featured_media":13848,"comment_status":"closed","ping_status":"closed","sticky":true,"template":"","format":"standard","meta":{"footnotes":""},"categories":[10,22],"tags":[],"class_list":["post-21384","post","type-post","status-publish","format-standard","has-post-thumbnail","hentry","category-actualite","category-fetes-et-ceremonies","nodate","item-wrap"],"_links":{"self":[{"href":"https:\/\/www.mairie-poncey-les-athee.fr\/index.php?rest_route=\/wp\/v2\/posts\/21384","targetHints":{"allow":["GET"]}}],"collection":[{"href":"https:\/\/www.mairie-poncey-les-athee.fr\/index.php?rest_route=\/wp\/v2\/posts"}],"about":[{"href":"https:\/\/www.mairie-poncey-les-athee.fr\/index.php?rest_route=\/wp\/v2\/types\/post"}],"author":[{"embeddable":true,"href":"https:\/\/www.mairie-poncey-les-athee.fr\/index.php?rest_route=\/wp\/v2\/users\/2"}],"replies":[{"embeddable":true,"href":"https:\/\/www.mairie-poncey-les-athee.fr\/index.php?rest_route=%2Fwp%2Fv2%2Fcomments&post=21384"}],"version-history":[{"count":8,"href":"https:\/\/www.mairie-poncey-les-athee.fr\/index.php?rest_route=\/wp\/v2\/posts\/21384\/revisions"}],"predecessor-version":[{"id":21392,"href":"https:\/\/www.mairie-poncey-les-athee.fr\/index.php?rest_route=\/wp\/v2\/posts\/21384\/revisions\/21392"}],"wp:featuredmedia":[{"embeddable":true,"href":"https:\/\/www.mairie-poncey-les-athee.fr\/index.php?rest_route=\/wp\/v2\/media\/13848"}],"wp:attachment":[{"href":"https:\/\/www.mairie-poncey-les-athee.fr\/index.php?rest_route=%2Fwp%2Fv2%2Fmedia&parent=21384"}],"wp:term":[{"taxonomy":"category","embeddable":true,"href":"https:\/\/www.mairie-poncey-les-athee.fr\/index.php?rest_route=%2Fwp%2Fv2%2Fcategories&post=21384"},{"taxonomy":"post_tag","embeddable":true,"href":"https:\/\/www.mairie-poncey-les-athee.fr\/index.php?rest_route=%2Fwp%2Fv2%2Ftags&post=21384"}],"curies":[{"name":"wp","href":"https:\/\/api.w.org\/{rel}","templated":true}]}}