{"id":20371,"date":"2026-04-27T08:32:47","date_gmt":"2026-04-27T08:32:47","guid":{"rendered":"https:\/\/www.mairie-poncey-les-athee.fr\/?p=20371"},"modified":"2026-04-25T06:47:15","modified_gmt":"2026-04-25T06:47:15","slug":"prochain-conseil-municipal","status":"publish","type":"post","link":"https:\/\/www.mairie-poncey-les-athee.fr\/?p=20371","title":{"rendered":"Prochain Conseil Municipal"},"content":{"rendered":"<div class=\"title\">\n<h4><strong><img loading=\"lazy\" decoding=\"async\" class=\"alignleft wp-image-7001 size-full\" src=\"https:\/\/www.mairie-poncey-les-athee.fr\/wp-content\/uploads\/Logo-Conseil-municipal.jpeg\" alt=\"\" width=\"299\" height=\"169\" \/> La r\u00e9union du Conseil Municipal aura lieu le :<\/strong><\/h4>\n<\/div>\n<div class=\"content\">\n<h3><strong>\u00a0 \u00a0 \u00a0 \u00a0 \u00a0 \u00a0 \u00a0 <span style=\"color: #0000ff;\"><span style=\"color: #000080;\">mercredi 29 avril<\/span><\/span><span style=\"color: #000080;\">\u00a02026 <\/span><\/strong><\/h3>\n<h4><span style=\"color: #000080;\"><strong>\u00a0 \u00a0 \u00a0 \u00a0 \u00a0 \u00e0\u00a0 20h30\u00a0 \u00e0\u00a0 la\u00a0 Mairie\u00a0 (Salle du Conseil)<\/strong><\/span><\/h4>\n<p><strong>\u00a0 \u00a0 \u00a0 \u00a0<\/strong><\/p>\n<p><strong>\u00a0 \u00a0 \u00a0 \u00a0 \u00a0 \u00a0 \u00a0\u00a0<\/strong><\/p>\n<\/div>\n<h4><strong>Ordre du jour :<\/strong><\/h4>\n<p><!--more--><\/p>\n<ul>\n<li>Approbation du Proc\u00e8s-Verbal du Conseil Municipal du 1er avril 2026<\/li>\n<li>Contrat de bail de droit commun concernant le distributeur \u00e0 pizzas et \u00e0 boissons<\/li>\n<li>Taxe de s\u00e9jour<\/li>\n<li>Tarif location salle des f\u00eates et mise \u00e0 jour du r\u00e8glement<\/li>\n<li>Demandes de subventions<\/li>\n<li>Avantages sociaux envers les agents<\/li>\n<li>D\u00e9signation d&rsquo;un(e) repr\u00e9sentant(e) pour si\u00e9ger au Conseil des familles cr\u00e9\u00e9 par la CAPVDS<\/li>\n<li>Questions diverses<\/li>\n<\/ul>\n<p>&nbsp;<\/p>\n<p>&nbsp;<\/p>\n<p>&nbsp;<\/p>\n<p>&nbsp;<\/p>\n<p>&nbsp;<\/p>\n<p>&nbsp;<\/p>\n<p>&nbsp;<\/p>\n<p>&nbsp;<\/p>\n<p>&nbsp;<\/p>\n<p>&nbsp;<\/p>\n<p>&nbsp;<\/p>\n<p>&nbsp;<\/p>\n<p>&nbsp;<\/p>\n<p>&nbsp;<\/p>\n<p>&nbsp;<\/p>\n<p>&nbsp;<\/p>\n<p>&nbsp;<\/p>\n<p>&nbsp;<\/p>\n<p>&nbsp;<\/p>\n<p>&nbsp;<\/p>\n<p>&nbsp;<\/p>\n<p>&nbsp;<\/p>\n<p>&nbsp;<\/p>\n<p>&nbsp;<\/p>\n<p>&nbsp;<\/p>\n<p>&nbsp;<\/p>\n<p>&nbsp;<\/p>\n<p>&nbsp;<\/p>\n<p>&nbsp;<\/p>\n<p>&nbsp;<\/p>\n<p>&nbsp;<\/p>\n<p>&nbsp;<\/p>\n<p>&nbsp;<\/p>\n<p>&nbsp;<\/p>\n<p>&nbsp;<\/p>\n<p>&nbsp;<\/p>\n<p>&nbsp;<\/p>\n<p>&nbsp;<\/p>\n<p>&nbsp;<\/p>\n<p>&nbsp;<\/p>\n<p>&nbsp;<\/p>\n<p>&nbsp;<\/p>\n<p>&nbsp;<\/p>\n<p>&nbsp;<\/p>\n<p>&nbsp;<\/p>\n<p>&nbsp;<\/p>\n<p>&nbsp;<\/p>\n<p>&nbsp;<\/p>\n<p>&nbsp;<\/p>\n<p>&nbsp;<\/p>\n<p>&nbsp;<\/p>\n","protected":false},"excerpt":{"rendered":"<p>La r\u00e9union du Conseil Municipal aura lieu le : \u00a0 \u00a0 \u00a0 \u00a0 \u00a0 \u00a0 \u00a0 mercredi 29 avril\u00a02026 \u00a0 \u00a0 \u00a0 \u00a0 \u00a0 \u00e0\u00a0 20h30\u00a0 \u00e0\u00a0 la\u00a0 Mairie\u00a0 (Salle du Conseil) \u00a0 \u00a0 \u00a0 \u00a0 \u00a0 \u00a0 \u00a0 \u00a0 \u00a0 \u00a0 \u00a0\u00a0 Ordre du jour :<\/p><p><a class=\"more-link btn\" href=\"https:\/\/www.mairie-poncey-les-athee.fr\/?p=20371\">Lire la suite<\/a><\/p>\n","protected":false},"author":2,"featured_media":5758,"comment_status":"closed","ping_status":"closed","sticky":true,"template":"","format":"standard","meta":{"footnotes":""},"categories":[10,1],"tags":[],"class_list":["post-20371","post","type-post","status-publish","format-standard","has-post-thumbnail","hentry","category-actualite","category-agenda","nodate","item-wrap"],"_links":{"self":[{"href":"https:\/\/www.mairie-poncey-les-athee.fr\/index.php?rest_route=\/wp\/v2\/posts\/20371","targetHints":{"allow":["GET"]}}],"collection":[{"href":"https:\/\/www.mairie-poncey-les-athee.fr\/index.php?rest_route=\/wp\/v2\/posts"}],"about":[{"href":"https:\/\/www.mairie-poncey-les-athee.fr\/index.php?rest_route=\/wp\/v2\/types\/post"}],"author":[{"embeddable":true,"href":"https:\/\/www.mairie-poncey-les-athee.fr\/index.php?rest_route=\/wp\/v2\/users\/2"}],"replies":[{"embeddable":true,"href":"https:\/\/www.mairie-poncey-les-athee.fr\/index.php?rest_route=%2Fwp%2Fv2%2Fcomments&post=20371"}],"version-history":[{"count":19,"href":"https:\/\/www.mairie-poncey-les-athee.fr\/index.php?rest_route=\/wp\/v2\/posts\/20371\/revisions"}],"predecessor-version":[{"id":21444,"href":"https:\/\/www.mairie-poncey-les-athee.fr\/index.php?rest_route=\/wp\/v2\/posts\/20371\/revisions\/21444"}],"wp:featuredmedia":[{"embeddable":true,"href":"https:\/\/www.mairie-poncey-les-athee.fr\/index.php?rest_route=\/wp\/v2\/media\/5758"}],"wp:attachment":[{"href":"https:\/\/www.mairie-poncey-les-athee.fr\/index.php?rest_route=%2Fwp%2Fv2%2Fmedia&parent=20371"}],"wp:term":[{"taxonomy":"category","embeddable":true,"href":"https:\/\/www.mairie-poncey-les-athee.fr\/index.php?rest_route=%2Fwp%2Fv2%2Fcategories&post=20371"},{"taxonomy":"post_tag","embeddable":true,"href":"https:\/\/www.mairie-poncey-les-athee.fr\/index.php?rest_route=%2Fwp%2Fv2%2Ftags&post=20371"}],"curies":[{"name":"wp","href":"https:\/\/api.w.org\/{rel}","templated":true}]}}